{"id":1816,"date":"2018-04-01T16:19:04","date_gmt":"2018-04-01T14:19:04","guid":{"rendered":"http:\/\/blogoliveto.digisidewp.it\/?p=1816"},"modified":"2018-09-14T19:13:51","modified_gmt":"2018-09-14T17:13:51","slug":"albenga","status":"publish","type":"post","link":"https:\/\/blog.residenceoliveto.it\/fr\/albenga\/","title":{"rendered":"Visite du centre historique m\u00e9di\u00e9val d\u2019Albenga"},"content":{"rendered":"<div class=\"wpb-content-wrapper\"><p>[vc_row][vc_column][vc_column_text]<strong>En vacances\u2026 dans l\u2019histoire\u00a0!<\/strong><\/p>\n<p>Envie d\u2019un plongeon diff\u00e9rent\u00a0? Plongez dans l\u2019histoire avec une promenade \u00e0 <a href=\"https:\/\/www.residenceoliveto.it\/fr\/territorio\/albenga.aspx?_ga=2.211876564.1117563522.1522829079-1670242922.1522829079#ResidenceOliveto\">Albenga<\/a>. Situ\u00e9e \u00e0 seulement 6\u00a0km de Ceriale, la ville peut \u00eatre gagn\u00e9e \u00e9galement \u00e0 v\u00e9lo par la route qui c\u00f4toie le bord de mer. Tr\u00e8s bien conserv\u00e9, le <strong>centre historique m\u00e9di\u00e9val<\/strong> s\u2019int\u00e8gre de mani\u00e8re remarquable au centre urbain. Vous vous sentirez tout de suite plong\u00e9s dans le pass\u00e9, \u00e0 la vue des <strong>trois tours<\/strong>, devenues depuis longtemps le symbole de la petite ville. Palais au charme exquis, boutiques, bars et restaurants\u00a0: l\u2019ensemble a gard\u00e9 cette impression de protection et de vigilance qu\u2019il procurait par le pass\u00e9.<\/p>\n<h3><strong>Le Mus\u00e9e naval romain<\/strong><\/h3>\n<p>Tr\u00e8s int\u00e9ressant et unique, le <a href=\"https:\/\/www.residenceoliveto.it\/it\/albenga\/museo-ingauno-e-torre-civica.aspx?&amp;_ga=2.204135248.1117563522.1522829079-1670242922.1522829079#ResidenceOliveto\">Mus\u00e9e Navalabrite<\/a> les amphores vinaires retrouv\u00e9es dans l\u2019\u00e9pave de l\u2019embarcation romaine \u00ab\u00a0Artiglio\u00a0\u00bb, du Ier\u00a0si\u00e8cle av.\u00a0J.-C. R\u00e9cup\u00e9r\u00e9e sur les fonds marins de l\u2019\u00cele Gallinara en 1950, c\u2019est la plus grande embarcation retrouv\u00e9e dans la M\u00e9diterran\u00e9e jusqu\u2019\u00e0 aujourd\u2019hui. Son chargement d\u00e9passait les 10\u00a0000 amphores, qui contenaient du vin provenant de la Campanie et \u00e0 destination des march\u00e9s de France et d\u2019Espagne. Le mus\u00e9e expose ces amphores selon la disposition originale du chargement. D\u2019autres pi\u00e8ces proviennent d\u2019une autre embarcation qui a coul\u00e9 dans le golfe de Diano Marina. Une exp\u00e9rience tr\u00e8s int\u00e9ressante pour les grands et les petits\u00a0!<\/p>\n<h3><strong>La fameuse \u00ab\u00a0Assiette Bleue\u00a0\u00bb<\/strong><\/h3>\n<p>\u00c0 proximit\u00e9 du Mus\u00e9e naval, \u00e0 <strong>Palazzo Oddo<\/strong>, vous pourrez admirer un autre objet unique au monde, l\u2019<a href=\"https:\/\/www.residenceoliveto.it\/it\/Albenga\/Palazzo-Oddo-e-le-Magiche-Trasparenze.aspx?_ga=2.249599814.1117563522.1522829079-1670242922.1522829079\">assiette bleue<\/a>, qui remonte au IIe\u00a0si\u00e8cle ap.\u00a0J.-C., retrouv\u00e9e dans la zone de la n\u00e9cropole de l\u2019antique Albingaunum. Elle est en verre, d\u00e9cor\u00e9e de 2 putti ail\u00e9s qui dansent en l\u2019honneur de Bacchus. L\u2019effet de clair-obscur est vraiment impressionnant et, m\u00eame sans \u00eatre experts en la mati\u00e8re, vous aurez la sensation d\u2019\u00eatre face \u00e0 une pi\u00e8ce incomparable et \u00e9tonnante.<\/p>\n<h3><strong>Le baptist\u00e8re et la cath\u00e9drale<\/strong><\/h3>\n<p>\u00c0 propos d\u2019\u00e9l\u00e9ments uniques, vous \u00eates pr\u00e8s d\u2019un autre monument tout aussi prestigieux et rare\u00a0: <a href=\"https:\/\/www.residenceoliveto.it\/it\/albenga\/il-battistero-la-cattedrale-e-i-santuari.aspx?&amp;_ga=2.219214425.1117563522.1522829079-1670242922.1522829079#ResidenceOliveto\">le baptist\u00e8re<\/a>.Remontant au Ve\u00a0si\u00e8cle, il est tr\u00e8s bien conserv\u00e9 et accueille de nouveau, depuis presque vingt ans, les c\u00e9l\u00e9brations, bapt\u00eames notamment, qui, effectu\u00e9s dans ce lieu, jouissent d\u2019une atmosph\u00e8re sacr\u00e9e unique en son genre. Il est possible de le visiter en se procurant un billet qui comprend \u00e9galement la visite au Mus\u00e9e dioc\u00e9sain, o\u00f9 vous pourrez admirer de nombreuses pi\u00e8ces vraiment pr\u00e9cieuses, pas seulement au niveau historique. Puis entrez dans la <strong>cath\u00e9drale<\/strong>, d\u00e9di\u00e9e \u00e0 l\u2019<strong>archange saint Michel<\/strong>, en style roman et gothique du XIIIe\u00a0si\u00e8cle. Laissez-vous gagner par cette sensation d\u2019infini et de \u00ab\u00a0ciel\u00a0\u00bb que ce style architectural particulier offre au visiteur. \u00c9dicules, peintures et statues vous accueilleront dans ce lieu qui repr\u00e9sente le c\u0153ur catholique d\u2019Albenga. Puis le moment viendra de faire une pause.<\/p>\n<p>\u00c0 proximit\u00e9 de la cath\u00e9drale, sur la place San Francesco, vous trouverez La Cantina di Re Carciofo, un endroit vraiment exquis, o\u00f9 vous pourrez d\u00e9guster d\u2019excellents plateaux de charcuterie et plats de p\u00e2tes, \u00e0 base de produits du terroir, dans l\u2019atmosph\u00e8re intime de la petite place, en plein c\u0153ur de l\u2019histoire. Si vous pr\u00e9f\u00e9rez, non loin de l\u00e0, Via Torlano, Puppo vous propose sa fameuse farinata, pour vous faire d\u00e9couvrir le must de la Ligurie, mais aussi, naturellement, des plats typiques, simples et sains (pas de r\u00e9servation, donc armez-vous de patience\u2026).<\/p>\n<p>Pendant le mois de juillet, ne manquez pas le <strong>Palio Storico dei Rioni<\/strong>, palio des quartiers \u2013 San Giovanni, San Siro, Sant\u2019Eulalia, Santa Maria. Pendant quatre soir\u00e9es, le centre d\u2019Albenga voyage dans le temps et retourne au Moyen \u00c2ge. Des dizaines d\u2019attractions et de points de restauration vous attendent, rigoureusement en style d\u2019\u00e9poque, menus compris. Les spectacles de cracheurs de feu, jongleurs et musiciens troubadours ne manquent pas, de m\u00eame que les preuves d\u2019habilet\u00e9 o\u00f9 les quartiers s\u2019affrontent pour remporter le fameux palio. L\u2019\u00e9lection de la \u00ab\u00a0Pulcherrima Puella\u00a0\u00bb, la plus belle du Palio, cl\u00f4t la manifestation.<br \/>\nAvons-nous piqu\u00e9 votre curiosit\u00e9\u00a0?[\/vc_column_text][\/vc_column][\/vc_row]<\/p>\n<\/div>","protected":false},"excerpt":{"rendered":"<p>[vc_row][vc_column][vc_column_text]En vacances\u2026 dans l\u2019histoire\u00a0!<\/p>\n<p>Envie d\u2019un plongeon diff\u00e9rent\u00a0? Plongez dans l\u2019histoire avec une promenade \u00e0 Albenga. Situ\u00e9e \u00e0 seulement 6\u00a0km de Ceriale, la ville peut \u00eatre gagn\u00e9e \u00e9galement \u00e0 v\u00e9lo par la route qui c\u00f4toie le bord de mer. Tr\u00e8s bien conserv\u00e9, le centre historique m\u00e9di\u00e9val s\u2019int\u00e8gre de mani\u00e8re remarquable au centre urbain. Vous vous sentirez tout de suite plong\u00e9s dans le pass\u00e9, \u00e0 la vue des trois tours, devenues depuis longtemps le symbole de la petite ville. Palais au charme exquis, boutiques, bars et restaurants\u00a0: l\u2019ensemble a gard\u00e9 cette impression de protection et de vigilance qu\u2019il procurait par le pass\u00e9.<\/p>\n<p>Le Mus\u00e9e naval romain<\/p>\n<p>Tr\u00e8s int\u00e9ressant et unique, le Mus\u00e9e Navalabrite les amphores vinaires retrouv\u00e9es dans l\u2019\u00e9pave de l\u2019embarcation romaine \u00ab\u00a0Artiglio\u00a0\u00bb, du Ier\u00a0si\u00e8cle av.\u00a0J.-C. R\u00e9cup\u00e9r\u00e9e sur les fonds marins de l\u2019\u00cele Gallinara en 1950, c\u2019est la plus grande embarcation retrouv\u00e9e dans la M\u00e9diterran\u00e9e jusqu\u2019\u00e0 aujourd\u2019hui. Son chargement d\u00e9passait les 10\u00a0000 amphores, qui contenaient du vin provenant de la Campanie et \u00e0 destination des march\u00e9s de France et d\u2019Espagne. Le mus\u00e9e expose ces amphores selon la disposition originale du chargement. D\u2019autres pi\u00e8ces proviennent d\u2019une autre embarcation qui a coul\u00e9 dans le golfe de Diano Marina. Une exp\u00e9rience tr\u00e8s int\u00e9ressante pour les grands et les petits\u00a0!<\/p>\n<p>La fameuse \u00ab\u00a0Assiette Bleue\u00a0\u00bb<\/p>\n<p>\u00c0 proximit\u00e9 du Mus\u00e9e naval, \u00e0 Palazzo Oddo, vous pourrez admirer un autre objet unique au monde, l\u2019assiette bleue, qui remonte au IIe\u00a0si\u00e8cle ap.\u00a0J.-C., retrouv\u00e9e dans la zone de la n\u00e9cropole de l\u2019antique Albingaunum. Elle est en verre, d\u00e9cor\u00e9e de 2 putti ail\u00e9s qui dansent en l\u2019honneur de Bacchus. L\u2019effet de clair-obscur est vraiment impressionnant et, m\u00eame sans \u00eatre experts en la mati\u00e8re, vous aurez la sensation d\u2019\u00eatre face \u00e0 une pi\u00e8ce incomparable et \u00e9tonnante.<\/p>\n<p>Le baptist\u00e8re et la cath\u00e9drale<\/p>\n<p>\u00c0 propos d\u2019\u00e9l\u00e9ments uniques, vous \u00eates pr\u00e8s d\u2019un autre monument tout aussi prestigieux et rare\u00a0: le baptist\u00e8re.Remontant au Ve\u00a0si\u00e8cle, il est tr\u00e8s bien conserv\u00e9 et accueille de nouveau, depuis presque vingt ans, les c\u00e9l\u00e9brations, bapt\u00eames notamment, qui, effectu\u00e9s dans ce lieu, jouissent d\u2019une atmosph\u00e8re sacr\u00e9e unique en son genre. Il est possible de le visiter en se procurant un billet qui comprend \u00e9galement la visite au Mus\u00e9e dioc\u00e9sain, o\u00f9 vous pourrez admirer de nombreuses pi\u00e8ces vraiment pr\u00e9cieuses, pas seulement au niveau historique. Puis entrez dans la cath\u00e9drale, d\u00e9di\u00e9e \u00e0 l\u2019archange saint Michel, en style roman et gothique du XIIIe\u00a0si\u00e8cle. Laissez-vous gagner par cette sensation d\u2019infini et de \u00ab\u00a0ciel\u00a0\u00bb que ce style architectural particulier offre au visiteur. \u00c9dicules, peintures et statues vous accueilleront dans ce lieu qui repr\u00e9sente le c\u0153ur catholique d\u2019Albenga. Puis le moment viendra de faire une pause.<\/p>\n<p>\u00c0 proximit\u00e9 de la cath\u00e9drale, sur la place San Francesco, vous trouverez La Cantina di Re Carciofo, un endroit vraiment exquis, o\u00f9 vous pourrez d\u00e9guster d\u2019excellents plateaux de charcuterie et plats de p\u00e2tes, \u00e0 base de produits du terroir, dans l\u2019atmosph\u00e8re intime de la petite place, en plein c\u0153ur de l\u2019histoire. Si vous pr\u00e9f\u00e9rez, non loin de l\u00e0, Via Torlano, Puppo vous propose sa fameuse farinata, pour vous faire d\u00e9couvrir le must de la Ligurie, mais aussi, naturellement, des plats typiques, simples et sains (pas de r\u00e9servation, donc armez-vous de patience\u2026).<\/p>\n<p>Pendant le mois de juillet, ne manquez pas le Palio Storico dei Rioni, palio des quartiers \u2013 San Giovanni, San Siro, Sant\u2019Eulalia, Santa Maria. Pendant quatre soir\u00e9es, le centre d\u2019Albenga voyage dans le temps et retourne au Moyen \u00c2ge. Des dizaines d\u2019attractions et de points de restauration vous attendent, rigoureusement en style d\u2019\u00e9poque, menus compris. Les spectacles de cracheurs de feu, jongleurs et musiciens troubadours ne manquent pas, de m\u00eame que les preuves d\u2019habilet\u00e9 o\u00f9 les quartiers s\u2019affrontent pour remporter le fameux palio. L\u2019\u00e9lection de la \u00ab\u00a0Pulcherrima Puella\u00a0\u00bb, la plus belle du Palio, cl\u00f4t la manifestation.<br \/>\nAvons-nous piqu\u00e9 votre curiosit\u00e9\u00a0?[\/vc_column_text][\/vc_column][\/vc_row]<\/p>\n","protected":false},"author":1,"featured_media":1907,"comment_status":"open","ping_status":"open","sticky":false,"template":"","format":"standard","meta":{"footnotes":""},"categories":[4,2],"tags":[30,31,32],"class_list":["post-1816","post","type-post","status-publish","format-standard","has-post-thumbnail","hentry","category-territorio","category-vacanza-in-liguria","tag-albenga","tag-museo-navale","tag-storia"],"yoast_head":"<!-- This site is optimized with the Yoast SEO plugin v25.8 - https:\/\/yoast.com\/wordpress\/plugins\/seo\/ -->\n<title>Visite du centre historique m\u00e9di\u00e9val d\u2019Albenga - Residence Oliveto<\/title>\n<meta name=\"description\" content=\"Visita al centro storico di Albenga. Vicino al residence Oliveto, scopri le torri di Albenga romana e medievale, Il piatto Blu,\" \/>\n<meta name=\"robots\" content=\"index, follow, max-snippet:-1, max-image-preview:large, max-video-preview:-1\" \/>\n<link rel=\"canonical\" href=\"https:\/\/blog.residenceoliveto.it\/albenga\/\" \/>\n<meta name=\"twitter:card\" content=\"summary_large_image\" \/>\n<meta name=\"twitter:title\" content=\"Visite du centre historique m\u00e9di\u00e9val d\u2019Albenga - Residence Oliveto\" \/>\n<meta name=\"twitter:description\" content=\"Visita al centro storico di Albenga. Vicino al residence Oliveto, scopri le torri di Albenga romana e medievale, Il piatto Blu,\" \/>\n<meta name=\"twitter:image\" content=\"https:\/\/blog.residenceoliveto.it\/wp-content\/uploads\/2017\/05\/834_32_albenga-1.jpg-1.jpg\" \/>\n<meta name=\"twitter:label1\" content=\"\u00c9crit par\" \/>\n\t<meta name=\"twitter:data1\" content=\"Residence Oliveto\" \/>\n\t<meta name=\"twitter:label2\" content=\"Dur\u00e9e de lecture estim\u00e9e\" \/>\n\t<meta name=\"twitter:data2\" content=\"14 minutes\" \/>\n<script type=\"application\/ld+json\" class=\"yoast-schema-graph\">{\"@context\":\"https:\/\/schema.org\",\"@graph\":[{\"@type\":\"WebPage\",\"@id\":\"https:\/\/blog.residenceoliveto.it\/albenga\/\",\"url\":\"https:\/\/blog.residenceoliveto.it\/albenga\/\",\"name\":\"Visite du centre historique m\u00e9di\u00e9val d\u2019Albenga - Residence Oliveto\",\"isPartOf\":{\"@id\":\"https:\/\/blog.residenceoliveto.it\/#website\"},\"primaryImageOfPage\":{\"@id\":\"https:\/\/blog.residenceoliveto.it\/albenga\/#primaryimage\"},\"image\":{\"@id\":\"https:\/\/blog.residenceoliveto.it\/albenga\/#primaryimage\"},\"thumbnailUrl\":\"https:\/\/blog.residenceoliveto.it\/wp-content\/uploads\/2017\/05\/834_32_albenga-1.jpg-1.jpg\",\"datePublished\":\"2018-04-01T14:19:04+00:00\",\"dateModified\":\"2018-09-14T17:13:51+00:00\",\"author\":{\"@id\":\"https:\/\/blog.residenceoliveto.it\/#\/schema\/person\/ed9e094f0b297cffb4fe0558837c14b3\"},\"description\":\"Visita al centro storico di Albenga. Vicino al residence Oliveto, scopri le torri di Albenga romana e medievale, Il piatto Blu,\",\"breadcrumb\":{\"@id\":\"https:\/\/blog.residenceoliveto.it\/albenga\/#breadcrumb\"},\"inLanguage\":\"fr-FR\",\"potentialAction\":[{\"@type\":\"ReadAction\",\"target\":[\"https:\/\/blog.residenceoliveto.it\/albenga\/\"]}]},{\"@type\":\"ImageObject\",\"inLanguage\":\"fr-FR\",\"@id\":\"https:\/\/blog.residenceoliveto.it\/albenga\/#primaryimage\",\"url\":\"https:\/\/blog.residenceoliveto.it\/wp-content\/uploads\/2017\/05\/834_32_albenga-1.jpg-1.jpg\",\"contentUrl\":\"https:\/\/blog.residenceoliveto.it\/wp-content\/uploads\/2017\/05\/834_32_albenga-1.jpg-1.jpg\",\"width\":2000,\"height\":840},{\"@type\":\"BreadcrumbList\",\"@id\":\"https:\/\/blog.residenceoliveto.it\/albenga\/#breadcrumb\",\"itemListElement\":[{\"@type\":\"ListItem\",\"position\":1,\"name\":\"Home\",\"item\":\"https:\/\/blog.residenceoliveto.it\/\"},{\"@type\":\"ListItem\",\"position\":2,\"name\":\"Visita al centro storico medievale di Albenga\"}]},{\"@type\":\"WebSite\",\"@id\":\"https:\/\/blog.residenceoliveto.it\/#website\",\"url\":\"https:\/\/blog.residenceoliveto.it\/\",\"name\":\"Residence Oliveto\",\"description\":\"\",\"potentialAction\":[{\"@type\":\"SearchAction\",\"target\":{\"@type\":\"EntryPoint\",\"urlTemplate\":\"https:\/\/blog.residenceoliveto.it\/?s={search_term_string}\"},\"query-input\":{\"@type\":\"PropertyValueSpecification\",\"valueRequired\":true,\"valueName\":\"search_term_string\"}}],\"inLanguage\":\"fr-FR\"},{\"@type\":\"Person\",\"@id\":\"https:\/\/blog.residenceoliveto.it\/#\/schema\/person\/ed9e094f0b297cffb4fe0558837c14b3\",\"name\":\"Residence Oliveto\",\"image\":{\"@type\":\"ImageObject\",\"inLanguage\":\"fr-FR\",\"@id\":\"https:\/\/blog.residenceoliveto.it\/#\/schema\/person\/image\/\",\"url\":\"https:\/\/secure.gravatar.com\/avatar\/64409c654cce52a81b81f53b3b1ae92bd5fffe236a9c02d165132fc2c07123f6?s=96&d=mm&r=g\",\"contentUrl\":\"https:\/\/secure.gravatar.com\/avatar\/64409c654cce52a81b81f53b3b1ae92bd5fffe236a9c02d165132fc2c07123f6?s=96&d=mm&r=g\",\"caption\":\"Residence Oliveto\"},\"url\":\"https:\/\/blog.residenceoliveto.it\/fr\/author\/residence-oliveto\/\"}]}<\/script>\n<!-- \/ Yoast SEO plugin. -->","yoast_head_json":{"title":"Visite du centre historique m\u00e9di\u00e9val d\u2019Albenga - Residence Oliveto","description":"Visita al centro storico di Albenga. Vicino al residence Oliveto, scopri le torri di Albenga romana e medievale, Il piatto Blu,","robots":{"index":"index","follow":"follow","max-snippet":"max-snippet:-1","max-image-preview":"max-image-preview:large","max-video-preview":"max-video-preview:-1"},"canonical":"https:\/\/blog.residenceoliveto.it\/albenga\/","twitter_card":"summary_large_image","twitter_title":"Visite du centre historique m\u00e9di\u00e9val d\u2019Albenga - Residence Oliveto","twitter_description":"Visita al centro storico di Albenga. Vicino al residence Oliveto, scopri le torri di Albenga romana e medievale, Il piatto Blu,","twitter_image":"https:\/\/blog.residenceoliveto.it\/wp-content\/uploads\/2017\/05\/834_32_albenga-1.jpg-1.jpg","twitter_misc":{"\u00c9crit par":"Residence Oliveto","Dur\u00e9e de lecture estim\u00e9e":"14 minutes"},"schema":{"@context":"https:\/\/schema.org","@graph":[{"@type":"WebPage","@id":"https:\/\/blog.residenceoliveto.it\/albenga\/","url":"https:\/\/blog.residenceoliveto.it\/albenga\/","name":"Visite du centre historique m\u00e9di\u00e9val d\u2019Albenga - Residence Oliveto","isPartOf":{"@id":"https:\/\/blog.residenceoliveto.it\/#website"},"primaryImageOfPage":{"@id":"https:\/\/blog.residenceoliveto.it\/albenga\/#primaryimage"},"image":{"@id":"https:\/\/blog.residenceoliveto.it\/albenga\/#primaryimage"},"thumbnailUrl":"https:\/\/blog.residenceoliveto.it\/wp-content\/uploads\/2017\/05\/834_32_albenga-1.jpg-1.jpg","datePublished":"2018-04-01T14:19:04+00:00","dateModified":"2018-09-14T17:13:51+00:00","author":{"@id":"https:\/\/blog.residenceoliveto.it\/#\/schema\/person\/ed9e094f0b297cffb4fe0558837c14b3"},"description":"Visita al centro storico di Albenga. Vicino al residence Oliveto, scopri le torri di Albenga romana e medievale, Il piatto Blu,","breadcrumb":{"@id":"https:\/\/blog.residenceoliveto.it\/albenga\/#breadcrumb"},"inLanguage":"fr-FR","potentialAction":[{"@type":"ReadAction","target":["https:\/\/blog.residenceoliveto.it\/albenga\/"]}]},{"@type":"ImageObject","inLanguage":"fr-FR","@id":"https:\/\/blog.residenceoliveto.it\/albenga\/#primaryimage","url":"https:\/\/blog.residenceoliveto.it\/wp-content\/uploads\/2017\/05\/834_32_albenga-1.jpg-1.jpg","contentUrl":"https:\/\/blog.residenceoliveto.it\/wp-content\/uploads\/2017\/05\/834_32_albenga-1.jpg-1.jpg","width":2000,"height":840},{"@type":"BreadcrumbList","@id":"https:\/\/blog.residenceoliveto.it\/albenga\/#breadcrumb","itemListElement":[{"@type":"ListItem","position":1,"name":"Home","item":"https:\/\/blog.residenceoliveto.it\/"},{"@type":"ListItem","position":2,"name":"Visita al centro storico medievale di Albenga"}]},{"@type":"WebSite","@id":"https:\/\/blog.residenceoliveto.it\/#website","url":"https:\/\/blog.residenceoliveto.it\/","name":"Residence Oliveto","description":"","potentialAction":[{"@type":"SearchAction","target":{"@type":"EntryPoint","urlTemplate":"https:\/\/blog.residenceoliveto.it\/?s={search_term_string}"},"query-input":{"@type":"PropertyValueSpecification","valueRequired":true,"valueName":"search_term_string"}}],"inLanguage":"fr-FR"},{"@type":"Person","@id":"https:\/\/blog.residenceoliveto.it\/#\/schema\/person\/ed9e094f0b297cffb4fe0558837c14b3","name":"Residence Oliveto","image":{"@type":"ImageObject","inLanguage":"fr-FR","@id":"https:\/\/blog.residenceoliveto.it\/#\/schema\/person\/image\/","url":"https:\/\/secure.gravatar.com\/avatar\/64409c654cce52a81b81f53b3b1ae92bd5fffe236a9c02d165132fc2c07123f6?s=96&d=mm&r=g","contentUrl":"https:\/\/secure.gravatar.com\/avatar\/64409c654cce52a81b81f53b3b1ae92bd5fffe236a9c02d165132fc2c07123f6?s=96&d=mm&r=g","caption":"Residence Oliveto"},"url":"https:\/\/blog.residenceoliveto.it\/fr\/author\/residence-oliveto\/"}]}},"_links":{"self":[{"href":"https:\/\/blog.residenceoliveto.it\/fr\/wp-json\/wp\/v2\/posts\/1816","targetHints":{"allow":["GET"]}}],"collection":[{"href":"https:\/\/blog.residenceoliveto.it\/fr\/wp-json\/wp\/v2\/posts"}],"about":[{"href":"https:\/\/blog.residenceoliveto.it\/fr\/wp-json\/wp\/v2\/types\/post"}],"author":[{"embeddable":true,"href":"https:\/\/blog.residenceoliveto.it\/fr\/wp-json\/wp\/v2\/users\/1"}],"replies":[{"embeddable":true,"href":"https:\/\/blog.residenceoliveto.it\/fr\/wp-json\/wp\/v2\/comments?post=1816"}],"version-history":[{"count":12,"href":"https:\/\/blog.residenceoliveto.it\/fr\/wp-json\/wp\/v2\/posts\/1816\/revisions"}],"predecessor-version":[{"id":2133,"href":"https:\/\/blog.residenceoliveto.it\/fr\/wp-json\/wp\/v2\/posts\/1816\/revisions\/2133"}],"wp:featuredmedia":[{"embeddable":true,"href":"https:\/\/blog.residenceoliveto.it\/fr\/wp-json\/wp\/v2\/media\/1907"}],"wp:attachment":[{"href":"https:\/\/blog.residenceoliveto.it\/fr\/wp-json\/wp\/v2\/media?parent=1816"}],"wp:term":[{"taxonomy":"category","embeddable":true,"href":"https:\/\/blog.residenceoliveto.it\/fr\/wp-json\/wp\/v2\/categories?post=1816"},{"taxonomy":"post_tag","embeddable":true,"href":"https:\/\/blog.residenceoliveto.it\/fr\/wp-json\/wp\/v2\/tags?post=1816"}],"curies":[{"name":"wp","href":"https:\/\/api.w.org\/{rel}","templated":true}]}}